{"id":945,"date":"2022-11-14T13:16:11","date_gmt":"2022-11-14T16:16:11","guid":{"rendered":"https:\/\/pactodealcaldes-la.org\/ciudadesemblematicas\/el-pacto-mundial-de-los-alcaldes-en-la-cop27-2\/"},"modified":"2024-01-24T15:34:31","modified_gmt":"2024-01-24T18:34:31","slug":"el-pacto-mundial-de-los-alcaldes-en-la-cop27-2","status":"publish","type":"post","link":"https:\/\/pactodealcaldes-la.org\/ciudadesemblematicas\/language\/pt\/el-pacto-mundial-de-los-alcaldes-en-la-cop27-2\/","title":{"rendered":"O Pacto Global de Prefeitos na COP27"},"content":{"rendered":"<p>O Pacto Global de Prefeitos pelo Clima e a Energia (GCoM) das Am\u00e9ricas participa ativamente na 27\u00aa Confer\u00eancia das Na\u00e7\u00f5es Unidas sobre Mudan\u00e7as Clim\u00e1ticas. A COP 27 ocorrer\u00e1 de 6 a 18 de novembro de 2022 em Sharm El Sheikh (Egito).<\/p>\n<p>Na segunda-feira (14), o Pacto participou da sess\u00e3o \u00abRef\u00fagio e capacita\u00e7\u00e3o de comunidades informais: uma conversa entre l\u00edderes de governos locais, assentamentos informais e fornecedores de solu\u00e7\u00f5es habitacionais\u00bb. Diante dos crescentes riscos e perigos clim\u00e1ticos, o debate visa incluir os assentamentos informais e seus residentes na governan\u00e7a e no planejamento urbano, al\u00e9m de identificar e implementar solu\u00e7\u00f5es para fornecer moradia e infraestrutura para os assentamentos informais.<\/p>\n<p>Com o objetivo de discutir a implementa\u00e7\u00e3o e o acompanhamento de sistemas de energias limpas como parte dos planos de a\u00e7\u00e3o clim\u00e1tica dos governos locais, na ter\u00e7a-feira, 15, ser\u00e1 realizada a mesa-redonda \u00abUma transi\u00e7\u00e3o energ\u00e9tica justa na Am\u00e9rica Latina: garantindo seguran\u00e7a e equidade energ\u00e9tica para o territ\u00f3rio\u00bb e contar\u00e1 com a participa\u00e7\u00e3o da prefeita de Pe\u00f1alol\u00e9n (Chile) e membro do F\u00f3rum de Prefeitos do GCoM, Carolina Leitao.<\/p>\n<p>Tamb\u00e9m na ter\u00e7a-feira (15), ser\u00e1 lan\u00e7ado um conjunto de indicadores, diretrizes e cronogramas para ajudar os mais de doze mil signat\u00e1rios do Pacto a tomar medidas para uma transi\u00e7\u00e3o energ\u00e9tica justa. A mesa-redonda \u00abCidades se preparando para a crise energ\u00e9tica: lan\u00e7ando o Pilar de Acesso \u00e0 Energia e Pobreza do Marco Comum de Relat\u00f3rios do GCoM\u00bb contar\u00e1 com a participa\u00e7\u00e3o da prefeita de C\u00e1ceres (Brasil), Eliene Liberato.<\/p>\n<p>O painel de discuss\u00e3o \u00abAcelera\u00e7\u00e3o da inova\u00e7\u00e3o clim\u00e1tica urbana em 2023: a confer\u00eancia Innovate4Cities e a 1\u00aa C\u00fapula Anual de Inova\u00e7\u00e3o\u00bb ocorre na quarta-feira (16). A prefeita de Palmas (Brasil), Cinthia Ribeiro, participa do debate que tem como objetivo acelerar a pesquisa urbana global e a inova\u00e7\u00e3o para a a\u00e7\u00e3o clim\u00e1tica nas cidades por meio da troca de conhecimentos e parcerias intersectoriais, al\u00e9m de impulsionar uma participa\u00e7\u00e3o mais ampla de v\u00e1rios setores na a\u00e7\u00e3o clim\u00e1tica.<\/p>\n<p>Finalmente, na quinta-feira (17), o GCoM Americas participa da sess\u00e3o \u00abSolu\u00e7\u00f5es baseadas na natureza e estrat\u00e9gias de desenvolvimento circular para enfrentar a emerg\u00eancia clim\u00e1tica na Am\u00e9rica Latina\u00bb. O evento, organizado pela ICLEI, abordar\u00e1 temas como os impactos de desastres naturais e pandemias nas cidades, al\u00e9m das consequ\u00eancias das mudan\u00e7as clim\u00e1ticas. Ser\u00e3o apresentadas possibilidades para evitar o uso intensivo de recursos, priorizando solu\u00e7\u00f5es baseadas na natureza.<\/p>\n<p><strong>Cronograma:\u00a0<\/strong><\/p>\n<p><b>14\/11 \u2013 2pm:\u00a0<\/b><a href=\"https:\/\/youtu.be\/c7oS1Ck7lx8\">Refugio y empoderamiento de comunidades informales: una conversaci\u00f3n entre l\u00edderes de gobiernos locales, asentamientos informales y proveedores de soluciones de alojamiento.\u00a0<\/a><\/p>\n<p><b>15\/11 \u2013 9:30 am:\u00a0<\/b><a href=\"https:\/\/www.youtube.com\/watch?v=pqTRgu5d1gQ\">Transici\u00f3n energ\u00e9tica justa en Am\u00e9rica Latina: garantizando seguridad y equidad energ\u00e9tica para el territorio.<\/a><\/p>\n<p><b>15\/11 \u2013 1:30 p. m.:\u00a0<\/b><a href=\"https:\/\/us06web.zoom.us\/j\/82051965317?pwd=bEp6aUNZODI3SVgxMkdNUFR0Z0NOdz09\">Ciudades que se preparan para la crisis energ\u00e9tica: lanzamiento del pilar de pobreza y acceso a la energ\u00eda del marco com\u00fan de informes del GCoM.<\/a><\/p>\n<p><b>16\/11 \u2013 4pm:\u00a0<\/b>Acelerando la innovaci\u00f3n clim\u00e1tica urbana en 2023: la Conferencia Innovate4Cities y la 1ra Cumbre Anual de Innovaci\u00f3n.\u00a0(enlace pr\u00f3ximamente)<\/p>\n<p><b>17\/11 \u2013 16:00:\u00a0<\/b>Soluciones basadas en la naturaleza y estrategias de desarrollo circular para enfrentar la emergencia clim\u00e1tica en Am\u00e9rica Latina.\u00a0(enlace pr\u00f3ximamente)<\/p>\n<p><i>* Hora de Sharm El Sheikh (Egipto).<\/i><\/p>\n","protected":false},"excerpt":{"rendered":"<p>O Pacto Global de Prefeitos pelo Clima e a Energia (GCoM) das Am\u00e9ricas participa ativamente na 27\u00aa Confer\u00eancia das Na\u00e7\u00f5es Unidas sobre Mudan\u00e7as Clim\u00e1ticas. A COP 27 ocorrer\u00e1 de 6 a 18 de novembro de 2022 em Sharm El Sheikh (Egito). Na segunda-feira (14), o Pacto participou da sess\u00e3o \u00abRef\u00fagio e capacita\u00e7\u00e3o de comunidades informais:&hellip;<\/p>\n","protected":false},"author":4,"featured_media":390,"comment_status":"closed","ping_status":"closed","sticky":false,"template":"","format":"standard","meta":{"footnotes":""},"categories":[1],"tags":[],"class_list":["post-945","post","type-post","status-publish","format-standard","has-post-thumbnail","hentry","category-sem-categoria","category-1","description-off"],"acf":[],"yoast_head":"<!-- This site is optimized with the Yoast SEO plugin v21.8 - https:\/\/yoast.com\/wordpress\/plugins\/seo\/ -->\n<title>O Pacto Global de Prefeitos na COP27 - Ciudades Emblematicas<\/title>\n<meta name=\"robots\" content=\"index, follow, max-snippet:-1, max-image-preview:large, max-video-preview:-1\" \/>\n<link rel=\"canonical\" href=\"https:\/\/pactodealcaldes-la.org\/ciudadesemblematicas\/language\/pt\/el-pacto-mundial-de-los-alcaldes-en-la-cop27-2\/\" \/>\n<meta property=\"og:locale\" content=\"es_ES\" \/>\n<meta property=\"og:type\" content=\"article\" \/>\n<meta property=\"og:title\" content=\"O Pacto Global de Prefeitos na COP27 - Ciudades Emblematicas\" \/>\n<meta property=\"og:description\" content=\"O Pacto Global de Prefeitos pelo Clima e a Energia (GCoM) das Am\u00e9ricas participa ativamente na 27\u00aa Confer\u00eancia das Na\u00e7\u00f5es Unidas sobre Mudan\u00e7as Clim\u00e1ticas. A COP 27 ocorrer\u00e1 de 6 a 18 de novembro de 2022 em Sharm El Sheikh (Egito). Na segunda-feira (14), o Pacto participou da sess\u00e3o \u00abRef\u00fagio e capacita\u00e7\u00e3o de comunidades informais:&hellip;\" \/>\n<meta property=\"og:url\" content=\"https:\/\/pactodealcaldes-la.org\/ciudadesemblematicas\/language\/pt\/el-pacto-mundial-de-los-alcaldes-en-la-cop27-2\/\" \/>\n<meta property=\"og:site_name\" content=\"Ciudades Emblematicas\" \/>\n<meta property=\"article:published_time\" content=\"2022-11-14T16:16:11+00:00\" \/>\n<meta property=\"article:modified_time\" content=\"2024-01-24T18:34:31+00:00\" \/>\n<meta property=\"og:image\" content=\"https:\/\/pactodealcaldes-la.org\/ciudadesemblematicas\/wp-content\/uploads\/2023\/06\/Egypt.png.webp\" \/>\n\t<meta property=\"og:image:width\" content=\"336\" \/>\n\t<meta property=\"og:image:height\" content=\"202\" \/>\n\t<meta property=\"og:image:type\" content=\"image\/webp\" \/>\n<meta name=\"author\" content=\"Rodrigo Fuhr\" \/>\n<meta name=\"twitter:card\" content=\"summary_large_image\" \/>\n<meta name=\"twitter:label1\" content=\"Escrito por\" \/>\n\t<meta name=\"twitter:data1\" content=\"Rodrigo Fuhr\" \/>\n\t<meta name=\"twitter:label2\" content=\"Tiempo de lectura\" \/>\n\t<meta name=\"twitter:data2\" content=\"3 minutos\" \/>\n<script type=\"application\/ld+json\" class=\"yoast-schema-graph\">{\"@context\":\"https:\/\/schema.org\",\"@graph\":[{\"@type\":\"WebPage\",\"@id\":\"https:\/\/pactodealcaldes-la.org\/ciudadesemblematicas\/language\/pt\/el-pacto-mundial-de-los-alcaldes-en-la-cop27-2\/\",\"url\":\"https:\/\/pactodealcaldes-la.org\/ciudadesemblematicas\/language\/pt\/el-pacto-mundial-de-los-alcaldes-en-la-cop27-2\/\",\"name\":\"O Pacto Global de Prefeitos na COP27 - Ciudades Emblematicas\",\"isPartOf\":{\"@id\":\"https:\/\/pactodealcaldes-la.org\/ciudadesemblematicas\/#website\"},\"datePublished\":\"2022-11-14T16:16:11+00:00\",\"dateModified\":\"2024-01-24T18:34:31+00:00\",\"author\":{\"@id\":\"https:\/\/pactodealcaldes-la.org\/ciudadesemblematicas\/#\/schema\/person\/76f014fddc062ead73cb2027562eae1a\"},\"breadcrumb\":{\"@id\":\"https:\/\/pactodealcaldes-la.org\/ciudadesemblematicas\/language\/pt\/el-pacto-mundial-de-los-alcaldes-en-la-cop27-2\/#breadcrumb\"},\"inLanguage\":\"es\",\"potentialAction\":[{\"@type\":\"ReadAction\",\"target\":[\"https:\/\/pactodealcaldes-la.org\/ciudadesemblematicas\/language\/pt\/el-pacto-mundial-de-los-alcaldes-en-la-cop27-2\/\"]}]},{\"@type\":\"BreadcrumbList\",\"@id\":\"https:\/\/pactodealcaldes-la.org\/ciudadesemblematicas\/language\/pt\/el-pacto-mundial-de-los-alcaldes-en-la-cop27-2\/#breadcrumb\",\"itemListElement\":[{\"@type\":\"ListItem\",\"position\":1,\"name\":\"In\u00edcio\",\"item\":\"https:\/\/pactodealcaldes-la.org\/ciudadesemblematicas\/\"},{\"@type\":\"ListItem\",\"position\":2,\"name\":\"O Pacto Global de Prefeitos na COP27\"}]},{\"@type\":\"WebSite\",\"@id\":\"https:\/\/pactodealcaldes-la.org\/ciudadesemblematicas\/#website\",\"url\":\"https:\/\/pactodealcaldes-la.org\/ciudadesemblematicas\/\",\"name\":\"Ciudades Emblematicas\",\"description\":\"\",\"potentialAction\":[{\"@type\":\"SearchAction\",\"target\":{\"@type\":\"EntryPoint\",\"urlTemplate\":\"https:\/\/pactodealcaldes-la.org\/ciudadesemblematicas\/?s={search_term_string}\"},\"query-input\":\"required name=search_term_string\"}],\"inLanguage\":\"es\"},{\"@type\":\"Person\",\"@id\":\"https:\/\/pactodealcaldes-la.org\/ciudadesemblematicas\/#\/schema\/person\/76f014fddc062ead73cb2027562eae1a\",\"name\":\"Rodrigo Fuhr\",\"image\":{\"@type\":\"ImageObject\",\"inLanguage\":\"es\",\"@id\":\"https:\/\/pactodealcaldes-la.org\/ciudadesemblematicas\/#\/schema\/person\/image\/\",\"url\":\"https:\/\/secure.gravatar.com\/avatar\/69ff4eb2c829f5ec948dc0ca6d43594058c20ed6c6a6398e1e5583888b710b7c?s=96&d=mm&r=g\",\"contentUrl\":\"https:\/\/secure.gravatar.com\/avatar\/69ff4eb2c829f5ec948dc0ca6d43594058c20ed6c6a6398e1e5583888b710b7c?s=96&d=mm&r=g\",\"caption\":\"Rodrigo Fuhr\"},\"url\":\"https:\/\/pactodealcaldes-la.org\/ciudadesemblematicas\/author\/rodrigo\/\"}]}<\/script>\n<!-- \/ Yoast SEO plugin. -->","yoast_head_json":{"title":"O Pacto Global de Prefeitos na COP27 - Ciudades Emblematicas","robots":{"index":"index","follow":"follow","max-snippet":"max-snippet:-1","max-image-preview":"max-image-preview:large","max-video-preview":"max-video-preview:-1"},"canonical":"https:\/\/pactodealcaldes-la.org\/ciudadesemblematicas\/language\/pt\/el-pacto-mundial-de-los-alcaldes-en-la-cop27-2\/","og_locale":"es_ES","og_type":"article","og_title":"O Pacto Global de Prefeitos na COP27 - Ciudades Emblematicas","og_description":"O Pacto Global de Prefeitos pelo Clima e a Energia (GCoM) das Am\u00e9ricas participa ativamente na 27\u00aa Confer\u00eancia das Na\u00e7\u00f5es Unidas sobre Mudan\u00e7as Clim\u00e1ticas. A COP 27 ocorrer\u00e1 de 6 a 18 de novembro de 2022 em Sharm El Sheikh (Egito). Na segunda-feira (14), o Pacto participou da sess\u00e3o \u00abRef\u00fagio e capacita\u00e7\u00e3o de comunidades informais:&hellip;","og_url":"https:\/\/pactodealcaldes-la.org\/ciudadesemblematicas\/language\/pt\/el-pacto-mundial-de-los-alcaldes-en-la-cop27-2\/","og_site_name":"Ciudades Emblematicas","article_published_time":"2022-11-14T16:16:11+00:00","article_modified_time":"2024-01-24T18:34:31+00:00","og_image":[{"width":336,"height":202,"url":"https:\/\/pactodealcaldes-la.org\/ciudadesemblematicas\/wp-content\/uploads\/2023\/06\/Egypt.png.webp","type":"image\/webp"}],"author":"Rodrigo Fuhr","twitter_card":"summary_large_image","twitter_misc":{"Escrito por":"Rodrigo Fuhr","Tiempo de lectura":"3 minutos"},"schema":{"@context":"https:\/\/schema.org","@graph":[{"@type":"WebPage","@id":"https:\/\/pactodealcaldes-la.org\/ciudadesemblematicas\/language\/pt\/el-pacto-mundial-de-los-alcaldes-en-la-cop27-2\/","url":"https:\/\/pactodealcaldes-la.org\/ciudadesemblematicas\/language\/pt\/el-pacto-mundial-de-los-alcaldes-en-la-cop27-2\/","name":"O Pacto Global de Prefeitos na COP27 - Ciudades Emblematicas","isPartOf":{"@id":"https:\/\/pactodealcaldes-la.org\/ciudadesemblematicas\/#website"},"datePublished":"2022-11-14T16:16:11+00:00","dateModified":"2024-01-24T18:34:31+00:00","author":{"@id":"https:\/\/pactodealcaldes-la.org\/ciudadesemblematicas\/#\/schema\/person\/76f014fddc062ead73cb2027562eae1a"},"breadcrumb":{"@id":"https:\/\/pactodealcaldes-la.org\/ciudadesemblematicas\/language\/pt\/el-pacto-mundial-de-los-alcaldes-en-la-cop27-2\/#breadcrumb"},"inLanguage":"es","potentialAction":[{"@type":"ReadAction","target":["https:\/\/pactodealcaldes-la.org\/ciudadesemblematicas\/language\/pt\/el-pacto-mundial-de-los-alcaldes-en-la-cop27-2\/"]}]},{"@type":"BreadcrumbList","@id":"https:\/\/pactodealcaldes-la.org\/ciudadesemblematicas\/language\/pt\/el-pacto-mundial-de-los-alcaldes-en-la-cop27-2\/#breadcrumb","itemListElement":[{"@type":"ListItem","position":1,"name":"In\u00edcio","item":"https:\/\/pactodealcaldes-la.org\/ciudadesemblematicas\/"},{"@type":"ListItem","position":2,"name":"O Pacto Global de Prefeitos na COP27"}]},{"@type":"WebSite","@id":"https:\/\/pactodealcaldes-la.org\/ciudadesemblematicas\/#website","url":"https:\/\/pactodealcaldes-la.org\/ciudadesemblematicas\/","name":"Ciudades Emblematicas","description":"","potentialAction":[{"@type":"SearchAction","target":{"@type":"EntryPoint","urlTemplate":"https:\/\/pactodealcaldes-la.org\/ciudadesemblematicas\/?s={search_term_string}"},"query-input":"required name=search_term_string"}],"inLanguage":"es"},{"@type":"Person","@id":"https:\/\/pactodealcaldes-la.org\/ciudadesemblematicas\/#\/schema\/person\/76f014fddc062ead73cb2027562eae1a","name":"Rodrigo Fuhr","image":{"@type":"ImageObject","inLanguage":"es","@id":"https:\/\/pactodealcaldes-la.org\/ciudadesemblematicas\/#\/schema\/person\/image\/","url":"https:\/\/secure.gravatar.com\/avatar\/69ff4eb2c829f5ec948dc0ca6d43594058c20ed6c6a6398e1e5583888b710b7c?s=96&d=mm&r=g","contentUrl":"https:\/\/secure.gravatar.com\/avatar\/69ff4eb2c829f5ec948dc0ca6d43594058c20ed6c6a6398e1e5583888b710b7c?s=96&d=mm&r=g","caption":"Rodrigo Fuhr"},"url":"https:\/\/pactodealcaldes-la.org\/ciudadesemblematicas\/author\/rodrigo\/"}]}},"_links":{"self":[{"href":"https:\/\/pactodealcaldes-la.org\/ciudadesemblematicas\/wp-json\/wp\/v2\/posts\/945","targetHints":{"allow":["GET"]}}],"collection":[{"href":"https:\/\/pactodealcaldes-la.org\/ciudadesemblematicas\/wp-json\/wp\/v2\/posts"}],"about":[{"href":"https:\/\/pactodealcaldes-la.org\/ciudadesemblematicas\/wp-json\/wp\/v2\/types\/post"}],"author":[{"embeddable":true,"href":"https:\/\/pactodealcaldes-la.org\/ciudadesemblematicas\/wp-json\/wp\/v2\/users\/4"}],"replies":[{"embeddable":true,"href":"https:\/\/pactodealcaldes-la.org\/ciudadesemblematicas\/wp-json\/wp\/v2\/comments?post=945"}],"version-history":[{"count":2,"href":"https:\/\/pactodealcaldes-la.org\/ciudadesemblematicas\/wp-json\/wp\/v2\/posts\/945\/revisions"}],"predecessor-version":[{"id":968,"href":"https:\/\/pactodealcaldes-la.org\/ciudadesemblematicas\/wp-json\/wp\/v2\/posts\/945\/revisions\/968"}],"wp:featuredmedia":[{"embeddable":true,"href":"https:\/\/pactodealcaldes-la.org\/ciudadesemblematicas\/wp-json\/wp\/v2\/media\/390"}],"wp:attachment":[{"href":"https:\/\/pactodealcaldes-la.org\/ciudadesemblematicas\/wp-json\/wp\/v2\/media?parent=945"}],"wp:term":[{"taxonomy":"category","embeddable":true,"href":"https:\/\/pactodealcaldes-la.org\/ciudadesemblematicas\/wp-json\/wp\/v2\/categories?post=945"},{"taxonomy":"post_tag","embeddable":true,"href":"https:\/\/pactodealcaldes-la.org\/ciudadesemblematicas\/wp-json\/wp\/v2\/tags?post=945"}],"curies":[{"name":"wp","href":"https:\/\/api.w.org\/{rel}","templated":true}]}}