{"id":450,"date":"2022-10-30T13:48:44","date_gmt":"2022-10-30T16:48:44","guid":{"rendered":"https:\/\/pactodealcaldes-la.org\/ciudadesemblematicas\/?p=450"},"modified":"2024-01-15T16:00:24","modified_gmt":"2024-01-15T19:00:24","slug":"se-constituye-el-foro-de-alcaldes-del-pacto-en-latinoamerica-2","status":"publish","type":"post","link":"https:\/\/pactodealcaldes-la.org\/ciudadesemblematicas\/se-constituye-el-foro-de-alcaldes-del-pacto-en-latinoamerica-2\/","title":{"rendered":"Se constituye el Foro de Alcaldes del Pacto en Latinoam\u00e9rica"},"content":{"rendered":"<p style=\"text-align: justify;\"><strong>12 alcaldes, alcaldesas y vices de 8 pa\u00edses pasan a integrar la nueva instancia de gobernanza<\/strong><\/p>\n<p style=\"text-align: justify;\">El Pacto Global de Alcaldes por el Clima y la Energ\u00eda da a conocer\u00a0 los alcaldes y alcaldesas seleccionados para hacer parte del Foro de Alcaldes en Latinoam\u00e9rica\u00a0 Se trata de la nueva instancia de gobernanza que re\u00fane a seis alcaldes y seis alcaldesas de municipios firmantes del Pacto provenientes de ocho pa\u00edses de la regi\u00f3n, destacados por su labor y compromiso con la lucha contra el cambio clim\u00e1tico.<\/p>\n<p style=\"text-align: justify;\">De acuerdo con la experta senior del Pacto de Alcaldes que lider\u00f3 la convocatoria, Elise Abb\u00e8s Castillo, \u201cel Foro tiene como objetivo reforzar la voz de las ciudades en la estrategia y prioridades de apoyo del Pacto en Am\u00e9rica Latina, permitiendo que los l\u00edderes y representantes de la comunidad del Pacto puedan servir de voceros e inspirar a m\u00e1s ciudades\u201d.<\/p>\n<p style=\"text-align: justify;\">Este espacio permitir\u00e1 tambi\u00e9n brindar mayor visibilidad a los compromisos de acci\u00f3n clim\u00e1tica de los municipios firmantes y reforzar su presencia en eventos y espacios claves para la agenda clim\u00e1tica regional y global, explic\u00f3 Elise.<\/p>\n<p style=\"text-align: justify;\">Se prev\u00e9 una convocat\u00f3ria complementaria a princ\u00edpios de 2023 para cubrir los cupos restantes en Colombia, Costa Rica, M\u00e9xico y Per\u00fa.<\/p>\n<p style=\"text-align: justify;\">El primer encuentro del Foro de Alcaldes se llevar\u00e1 a cabo de forma presencial, como un evento paralelo a la Cumbre de C40 Cities que tendr\u00e1 lugar en Buenos Aires, Argentina, entre el 19 y el 21 de octubre de 2022.<\/p>\n<p style=\"text-align: justify;\"><b>Ciudades y autoridades locales seleccionadas\u00a0<\/b><\/p>\n<ul>\n<li style=\"text-align: justify;\" aria-level=\"1\">En Argentina fueron seleccionados la alcaldesa de Despe\u00f1aderos, Carolina Basualdo, y el alcalde de San Justo, Nicol\u00e1s Enrique Cuesta.<\/li>\n<li style=\"text-align: justify;\" aria-level=\"1\">Desde Brasil, las alcaldesas de Serra Talhada, M\u00e1rcia Conrado, y la vice-alcaldesa de Salvador, Ana Paula Matos.<\/li>\n<li style=\"text-align: justify;\" aria-level=\"1\">Chile estar\u00e1 representado por la alcaldesa de Pe\u00f1alol\u00e9n, Carolina Leit\u00e3o y el alcalde de Independencia, Gonzalo Dur\u00e1n Baronti.<\/li>\n<li style=\"text-align: justify;\" aria-level=\"1\">El representante de Colombia es el alcalde de T\u00f3paga, \u00c1lvaro Henry Barrera D\u00edaz.<\/li>\n<li style=\"text-align: justify;\" aria-level=\"1\">Costa Rica ser\u00e1\u00a0 representada por la vice-alcaldesa de Oreamuno, Viviana Carpio.<\/li>\n<li style=\"text-align: justify;\" aria-level=\"1\">Ecuador tendr\u00e1\u00a0 como representantes a la alcaldesa de Esmeraldas, Luc\u00eda Sosa Robinz\u00f3n, y al alcalde de Ambato, Javier Altamirano S\u00e1nchez.<\/li>\n<\/ul>\n","protected":false},"excerpt":{"rendered":"<p>12 alcaldes, alcaldesas y vices de 8 pa\u00edses pasan a integrar la nueva instancia de gobernanza El Pacto Global de Alcaldes por el Clima y la Energ\u00eda da a conocer\u00a0 los alcaldes y alcaldesas seleccionados para hacer parte del Foro de Alcaldes en Latinoam\u00e9rica\u00a0 Se trata de la nueva instancia de gobernanza que re\u00fane a&hellip;<\/p>\n","protected":false},"author":2,"featured_media":451,"comment_status":"closed","ping_status":"closed","sticky":false,"template":"","format":"standard","meta":{"footnotes":""},"categories":[12],"tags":[],"class_list":["post-450","post","type-post","status-publish","format-standard","has-post-thumbnail","hentry","category-sin-categoria-es","category-12","description-off"],"acf":[],"yoast_head":"<!-- This site is optimized with the Yoast SEO plugin v21.8 - https:\/\/yoast.com\/wordpress\/plugins\/seo\/ -->\n<title>Se constituye el Foro de Alcaldes del Pacto en Latinoam\u00e9rica - Ciudades Emblematicas<\/title>\n<meta name=\"robots\" content=\"index, follow, max-snippet:-1, max-image-preview:large, max-video-preview:-1\" \/>\n<link rel=\"canonical\" href=\"https:\/\/pactodealcaldes-la.org\/ciudadesemblematicas\/se-constituye-el-foro-de-alcaldes-del-pacto-en-latinoamerica-2\/\" \/>\n<meta property=\"og:locale\" content=\"es_ES\" \/>\n<meta property=\"og:type\" content=\"article\" \/>\n<meta property=\"og:title\" content=\"Se constituye el Foro de Alcaldes del Pacto en Latinoam\u00e9rica - Ciudades Emblematicas\" \/>\n<meta property=\"og:description\" content=\"12 alcaldes, alcaldesas y vices de 8 pa\u00edses pasan a integrar la nueva instancia de gobernanza El Pacto Global de Alcaldes por el Clima y la Energ\u00eda da a conocer\u00a0 los alcaldes y alcaldesas seleccionados para hacer parte del Foro de Alcaldes en Latinoam\u00e9rica\u00a0 Se trata de la nueva instancia de gobernanza que re\u00fane a&hellip;\" \/>\n<meta property=\"og:url\" content=\"https:\/\/pactodealcaldes-la.org\/ciudadesemblematicas\/se-constituye-el-foro-de-alcaldes-del-pacto-en-latinoamerica-2\/\" \/>\n<meta property=\"og:site_name\" content=\"Ciudades Emblematicas\" \/>\n<meta property=\"article:published_time\" content=\"2022-10-30T16:48:44+00:00\" \/>\n<meta property=\"article:modified_time\" content=\"2024-01-15T19:00:24+00:00\" \/>\n<meta property=\"og:image\" content=\"https:\/\/pactodealcaldes-la.org\/ciudadesemblematicas\/wp-content\/uploads\/2023\/06\/nathalia-segato-hcAdd95XBqo-unsplash-scaled-765x400.jpg-2.webp\" \/>\n\t<meta property=\"og:image:width\" content=\"765\" \/>\n\t<meta property=\"og:image:height\" content=\"400\" \/>\n\t<meta property=\"og:image:type\" content=\"image\/webp\" \/>\n<meta name=\"author\" content=\"Miqueias Agra\" \/>\n<meta name=\"twitter:card\" content=\"summary_large_image\" \/>\n<meta name=\"twitter:label1\" content=\"Escrito por\" \/>\n\t<meta name=\"twitter:data1\" content=\"Miqueias Agra\" \/>\n\t<meta name=\"twitter:label2\" content=\"Tiempo de lectura\" \/>\n\t<meta name=\"twitter:data2\" content=\"2 minutos\" \/>\n<script type=\"application\/ld+json\" class=\"yoast-schema-graph\">{\"@context\":\"https:\/\/schema.org\",\"@graph\":[{\"@type\":\"WebPage\",\"@id\":\"https:\/\/pactodealcaldes-la.org\/ciudadesemblematicas\/se-constituye-el-foro-de-alcaldes-del-pacto-en-latinoamerica-2\/\",\"url\":\"https:\/\/pactodealcaldes-la.org\/ciudadesemblematicas\/se-constituye-el-foro-de-alcaldes-del-pacto-en-latinoamerica-2\/\",\"name\":\"Se constituye el Foro de Alcaldes del Pacto en Latinoam\u00e9rica - Ciudades Emblematicas\",\"isPartOf\":{\"@id\":\"https:\/\/pactodealcaldes-la.org\/ciudadesemblematicas\/#website\"},\"datePublished\":\"2022-10-30T16:48:44+00:00\",\"dateModified\":\"2024-01-15T19:00:24+00:00\",\"author\":{\"@id\":\"https:\/\/pactodealcaldes-la.org\/ciudadesemblematicas\/#\/schema\/person\/55c5359ee4b9877cef534190a82baa9b\"},\"breadcrumb\":{\"@id\":\"https:\/\/pactodealcaldes-la.org\/ciudadesemblematicas\/se-constituye-el-foro-de-alcaldes-del-pacto-en-latinoamerica-2\/#breadcrumb\"},\"inLanguage\":\"es\",\"potentialAction\":[{\"@type\":\"ReadAction\",\"target\":[\"https:\/\/pactodealcaldes-la.org\/ciudadesemblematicas\/se-constituye-el-foro-de-alcaldes-del-pacto-en-latinoamerica-2\/\"]}]},{\"@type\":\"BreadcrumbList\",\"@id\":\"https:\/\/pactodealcaldes-la.org\/ciudadesemblematicas\/se-constituye-el-foro-de-alcaldes-del-pacto-en-latinoamerica-2\/#breadcrumb\",\"itemListElement\":[{\"@type\":\"ListItem\",\"position\":1,\"name\":\"In\u00edcio\",\"item\":\"https:\/\/pactodealcaldes-la.org\/ciudadesemblematicas\/\"},{\"@type\":\"ListItem\",\"position\":2,\"name\":\"Se constituye el Foro de Alcaldes del Pacto en Latinoam\u00e9rica\"}]},{\"@type\":\"WebSite\",\"@id\":\"https:\/\/pactodealcaldes-la.org\/ciudadesemblematicas\/#website\",\"url\":\"https:\/\/pactodealcaldes-la.org\/ciudadesemblematicas\/\",\"name\":\"Ciudades Emblematicas\",\"description\":\"\",\"potentialAction\":[{\"@type\":\"SearchAction\",\"target\":{\"@type\":\"EntryPoint\",\"urlTemplate\":\"https:\/\/pactodealcaldes-la.org\/ciudadesemblematicas\/?s={search_term_string}\"},\"query-input\":\"required name=search_term_string\"}],\"inLanguage\":\"es\"},{\"@type\":\"Person\",\"@id\":\"https:\/\/pactodealcaldes-la.org\/ciudadesemblematicas\/#\/schema\/person\/55c5359ee4b9877cef534190a82baa9b\",\"name\":\"Miqueias Agra\",\"image\":{\"@type\":\"ImageObject\",\"inLanguage\":\"es\",\"@id\":\"https:\/\/pactodealcaldes-la.org\/ciudadesemblematicas\/#\/schema\/person\/image\/\",\"url\":\"https:\/\/secure.gravatar.com\/avatar\/b86525505d1856005f8422fbcdc0acf18655f45aaa5197fa6aeee1710a544934?s=96&d=mm&r=g\",\"contentUrl\":\"https:\/\/secure.gravatar.com\/avatar\/b86525505d1856005f8422fbcdc0acf18655f45aaa5197fa6aeee1710a544934?s=96&d=mm&r=g\",\"caption\":\"Miqueias Agra\"},\"url\":\"https:\/\/pactodealcaldes-la.org\/ciudadesemblematicas\/author\/miqueias\/\"}]}<\/script>\n<!-- \/ Yoast SEO plugin. -->","yoast_head_json":{"title":"Se constituye el Foro de Alcaldes del Pacto en Latinoam\u00e9rica - Ciudades Emblematicas","robots":{"index":"index","follow":"follow","max-snippet":"max-snippet:-1","max-image-preview":"max-image-preview:large","max-video-preview":"max-video-preview:-1"},"canonical":"https:\/\/pactodealcaldes-la.org\/ciudadesemblematicas\/se-constituye-el-foro-de-alcaldes-del-pacto-en-latinoamerica-2\/","og_locale":"es_ES","og_type":"article","og_title":"Se constituye el Foro de Alcaldes del Pacto en Latinoam\u00e9rica - Ciudades Emblematicas","og_description":"12 alcaldes, alcaldesas y vices de 8 pa\u00edses pasan a integrar la nueva instancia de gobernanza El Pacto Global de Alcaldes por el Clima y la Energ\u00eda da a conocer\u00a0 los alcaldes y alcaldesas seleccionados para hacer parte del Foro de Alcaldes en Latinoam\u00e9rica\u00a0 Se trata de la nueva instancia de gobernanza que re\u00fane a&hellip;","og_url":"https:\/\/pactodealcaldes-la.org\/ciudadesemblematicas\/se-constituye-el-foro-de-alcaldes-del-pacto-en-latinoamerica-2\/","og_site_name":"Ciudades Emblematicas","article_published_time":"2022-10-30T16:48:44+00:00","article_modified_time":"2024-01-15T19:00:24+00:00","og_image":[{"width":765,"height":400,"url":"https:\/\/pactodealcaldes-la.org\/ciudadesemblematicas\/wp-content\/uploads\/2023\/06\/nathalia-segato-hcAdd95XBqo-unsplash-scaled-765x400.jpg-2.webp","type":"image\/webp"}],"author":"Miqueias Agra","twitter_card":"summary_large_image","twitter_misc":{"Escrito por":"Miqueias Agra","Tiempo de lectura":"2 minutos"},"schema":{"@context":"https:\/\/schema.org","@graph":[{"@type":"WebPage","@id":"https:\/\/pactodealcaldes-la.org\/ciudadesemblematicas\/se-constituye-el-foro-de-alcaldes-del-pacto-en-latinoamerica-2\/","url":"https:\/\/pactodealcaldes-la.org\/ciudadesemblematicas\/se-constituye-el-foro-de-alcaldes-del-pacto-en-latinoamerica-2\/","name":"Se constituye el Foro de Alcaldes del Pacto en Latinoam\u00e9rica - Ciudades Emblematicas","isPartOf":{"@id":"https:\/\/pactodealcaldes-la.org\/ciudadesemblematicas\/#website"},"datePublished":"2022-10-30T16:48:44+00:00","dateModified":"2024-01-15T19:00:24+00:00","author":{"@id":"https:\/\/pactodealcaldes-la.org\/ciudadesemblematicas\/#\/schema\/person\/55c5359ee4b9877cef534190a82baa9b"},"breadcrumb":{"@id":"https:\/\/pactodealcaldes-la.org\/ciudadesemblematicas\/se-constituye-el-foro-de-alcaldes-del-pacto-en-latinoamerica-2\/#breadcrumb"},"inLanguage":"es","potentialAction":[{"@type":"ReadAction","target":["https:\/\/pactodealcaldes-la.org\/ciudadesemblematicas\/se-constituye-el-foro-de-alcaldes-del-pacto-en-latinoamerica-2\/"]}]},{"@type":"BreadcrumbList","@id":"https:\/\/pactodealcaldes-la.org\/ciudadesemblematicas\/se-constituye-el-foro-de-alcaldes-del-pacto-en-latinoamerica-2\/#breadcrumb","itemListElement":[{"@type":"ListItem","position":1,"name":"In\u00edcio","item":"https:\/\/pactodealcaldes-la.org\/ciudadesemblematicas\/"},{"@type":"ListItem","position":2,"name":"Se constituye el Foro de Alcaldes del Pacto en Latinoam\u00e9rica"}]},{"@type":"WebSite","@id":"https:\/\/pactodealcaldes-la.org\/ciudadesemblematicas\/#website","url":"https:\/\/pactodealcaldes-la.org\/ciudadesemblematicas\/","name":"Ciudades Emblematicas","description":"","potentialAction":[{"@type":"SearchAction","target":{"@type":"EntryPoint","urlTemplate":"https:\/\/pactodealcaldes-la.org\/ciudadesemblematicas\/?s={search_term_string}"},"query-input":"required name=search_term_string"}],"inLanguage":"es"},{"@type":"Person","@id":"https:\/\/pactodealcaldes-la.org\/ciudadesemblematicas\/#\/schema\/person\/55c5359ee4b9877cef534190a82baa9b","name":"Miqueias Agra","image":{"@type":"ImageObject","inLanguage":"es","@id":"https:\/\/pactodealcaldes-la.org\/ciudadesemblematicas\/#\/schema\/person\/image\/","url":"https:\/\/secure.gravatar.com\/avatar\/b86525505d1856005f8422fbcdc0acf18655f45aaa5197fa6aeee1710a544934?s=96&d=mm&r=g","contentUrl":"https:\/\/secure.gravatar.com\/avatar\/b86525505d1856005f8422fbcdc0acf18655f45aaa5197fa6aeee1710a544934?s=96&d=mm&r=g","caption":"Miqueias Agra"},"url":"https:\/\/pactodealcaldes-la.org\/ciudadesemblematicas\/author\/miqueias\/"}]}},"_links":{"self":[{"href":"https:\/\/pactodealcaldes-la.org\/ciudadesemblematicas\/wp-json\/wp\/v2\/posts\/450","targetHints":{"allow":["GET"]}}],"collection":[{"href":"https:\/\/pactodealcaldes-la.org\/ciudadesemblematicas\/wp-json\/wp\/v2\/posts"}],"about":[{"href":"https:\/\/pactodealcaldes-la.org\/ciudadesemblematicas\/wp-json\/wp\/v2\/types\/post"}],"author":[{"embeddable":true,"href":"https:\/\/pactodealcaldes-la.org\/ciudadesemblematicas\/wp-json\/wp\/v2\/users\/2"}],"replies":[{"embeddable":true,"href":"https:\/\/pactodealcaldes-la.org\/ciudadesemblematicas\/wp-json\/wp\/v2\/comments?post=450"}],"version-history":[{"count":1,"href":"https:\/\/pactodealcaldes-la.org\/ciudadesemblematicas\/wp-json\/wp\/v2\/posts\/450\/revisions"}],"predecessor-version":[{"id":452,"href":"https:\/\/pactodealcaldes-la.org\/ciudadesemblematicas\/wp-json\/wp\/v2\/posts\/450\/revisions\/452"}],"wp:featuredmedia":[{"embeddable":true,"href":"https:\/\/pactodealcaldes-la.org\/ciudadesemblematicas\/wp-json\/wp\/v2\/media\/451"}],"wp:attachment":[{"href":"https:\/\/pactodealcaldes-la.org\/ciudadesemblematicas\/wp-json\/wp\/v2\/media?parent=450"}],"wp:term":[{"taxonomy":"category","embeddable":true,"href":"https:\/\/pactodealcaldes-la.org\/ciudadesemblematicas\/wp-json\/wp\/v2\/categories?post=450"},{"taxonomy":"post_tag","embeddable":true,"href":"https:\/\/pactodealcaldes-la.org\/ciudadesemblematicas\/wp-json\/wp\/v2\/tags?post=450"}],"curies":[{"name":"wp","href":"https:\/\/api.w.org\/{rel}","templated":true}]}}