{"id":438,"date":"2023-10-20T13:41:24","date_gmt":"2023-10-20T16:41:24","guid":{"rendered":"https:\/\/pactodealcaldes-la.org\/ciudadesemblematicas\/?p=438"},"modified":"2024-01-16T13:39:42","modified_gmt":"2024-01-16T16:39:42","slug":"ciudades-de-america-latina-celebran-el-dia-mundial-de-las-ciudades-con-el-foco-en-la-resiliencia","status":"publish","type":"post","link":"https:\/\/pactodealcaldes-la.org\/ciudadesemblematicas\/ciudades-de-america-latina-celebran-el-dia-mundial-de-las-ciudades-con-el-foco-en-la-resiliencia\/","title":{"rendered":"Ciudades de Am\u00e9rica Latina celebran el D\u00eda Mundial de las Ciudades, con el foco en la resiliencia"},"content":{"rendered":"<p style=\"text-align: justify;\">Este mi\u00e9rcoles,\u00a0<strong>31 de octubre<\/strong>, se celebra el D\u00eda Mundial de las Ciudades, una jornada que tiene como objetivo impulsar la cooperaci\u00f3n entre ciudades del mundo por lograr un desarrollo urbano sostenible y mostrar la necesidad de estar preparados para los desaf\u00edos que plantea la sobrepoblaci\u00f3n en las ciudades.<\/p>\n<p style=\"text-align: justify;\">En este a\u00f1o, el D\u00eda Mundial de las Ciudades (#CitiesDay) se centrar\u00e1 en la construcci\u00f3n de ciudades sostenibles y resilientes. Cifras preocupantes como la que se\u00f1ala que para el a\u00f1o 2050, el 70% de la poblaci\u00f3n mundial vivir\u00e1 en ciudades, o que para 2030 el consumo de agua crecer\u00e1 entre un 40% y un 50%, hacen pensar en la importancia de la resiliencia de las ciudades, y en la necesidad de aumentar las capacidades de los territorios para contrarrestar las amenazas que sufren en la actualidad.<\/p>\n<p style=\"text-align: justify;\">En la actualidad,\u00a0<strong>274 ciudades de Am\u00e9rica Latina<\/strong>\u00a0han firmado ya el Pacto Global de Alcaldes por el Clima y la Energ\u00eda, una alianza global de gobiernos locales que de forma voluntaria se han comprometido a desarrollar acciones para frenar el cambio clim\u00e1tico, y que ya suma m\u00e1s de 9.149 ciudades implicadas. Uno de los objetivos del Pacto coincide con el enfoque del D\u00eda Mundial de las Ciudades de este a\u00f1o, ya que impulsa tambi\u00e9n la resiliencia en las ciudades, entendiendo que la identificaci\u00f3n de los riesgos clim\u00e1ticos y el desarrollo de infraestructuras para limitarlos, es clave para que las sociedades se vuelvan m\u00e1s resilientes a la degradaci\u00f3n ambiental.<\/p>\n<p style=\"text-align: justify;\">Un ejemplo de buenas pr\u00e1cticas es de Santa Anita, en\u00a0<strong>Per\u00fa<\/strong>, que busca impulsar la resiliencia y la sostenibilidad en su territorio. Santa Anita, una ciudad que sufre deslizamientos y derrumbes, ha puesto ya en marcha proyectos en las zonas geogr\u00e1ficas m\u00e1s afectadas.<\/p>\n<p style=\"text-align: justify;\">Por su parte, la ciudad de Corrientes en\u00a0<strong>Argentina<\/strong>\u00a0busca reducir el impacto, no solo de las inundaciones y las sequias que sufre, sino de la emisi\u00f3n de gases, as\u00ed como mejorar la gesti\u00f3n de residuos.<\/p>\n<figure id=\"attachment_2765\" class=\"wp-caption aligncenter\" aria-describedby=\"caption-attachment-2765\"><picture><source srcset=\"https:\/\/pactodealcaldes-la.org\/wp-content\/webp-express\/webp-images\/uploads\/2018\/10\/WhatsApp-Image-2018-09-12-at-10.08.12.jpeg.webp 1280w, https:\/\/pactodealcaldes-la.org\/wp-content\/webp-express\/webp-images\/uploads\/2018\/10\/WhatsApp-Image-2018-09-12-at-10.08.12-300x225.jpeg.webp 300w, https:\/\/pactodealcaldes-la.org\/wp-content\/webp-express\/webp-images\/uploads\/2018\/10\/WhatsApp-Image-2018-09-12-at-10.08.12-768x576.jpeg.webp 768w, https:\/\/pactodealcaldes-la.org\/wp-content\/webp-express\/webp-images\/uploads\/2018\/10\/WhatsApp-Image-2018-09-12-at-10.08.12-1024x768.jpeg.webp 1024w\" type=\"image\/webp\" sizes=\"(max-width: 423px) 100vw, 423px\" \/><img loading=\"lazy\" decoding=\"async\" class=\"wp-image-2765 webpexpress-processed\" src=\"https:\/\/pactodealcaldes-la.org\/wp-content\/uploads\/2018\/10\/WhatsApp-Image-2018-09-12-at-10.08.12.jpeg\" sizes=\"auto, (max-width: 423px) 100vw, 423px\" srcset=\"https:\/\/pactodealcaldes-la.org\/wp-content\/uploads\/2018\/10\/WhatsApp-Image-2018-09-12-at-10.08.12.jpeg 1280w, https:\/\/pactodealcaldes-la.org\/wp-content\/uploads\/2018\/10\/WhatsApp-Image-2018-09-12-at-10.08.12-300x225.jpeg 300w, https:\/\/pactodealcaldes-la.org\/wp-content\/uploads\/2018\/10\/WhatsApp-Image-2018-09-12-at-10.08.12-768x576.jpeg 768w, https:\/\/pactodealcaldes-la.org\/wp-content\/uploads\/2018\/10\/WhatsApp-Image-2018-09-12-at-10.08.12-1024x768.jpeg 1024w\" alt=\"\" width=\"423\" height=\"318\" \/><\/picture><figcaption id=\"caption-attachment-2765\" class=\"wp-caption-text\">La ciudad de Corrientes presenta su estrategia de desarrollo urbano sostenible<\/figcaption><\/figure>\n<p style=\"text-align: justify;\">Pe\u00f1alolen, en\u00a0<strong>Chile<\/strong>, trabaja intensamente para mejorar su infraestructura, con la que busca poder hacer frente a desastres naturales que no son ajenos a la regi\u00f3n.<\/p>\n<figure id=\"attachment_2767\" class=\"wp-caption aligncenter\" aria-describedby=\"caption-attachment-2767\"><picture><source srcset=\"https:\/\/pactodealcaldes-la.org\/wp-content\/webp-express\/webp-images\/uploads\/2018\/10\/cartel-chile.jpg.webp 800w, https:\/\/pactodealcaldes-la.org\/wp-content\/webp-express\/webp-images\/uploads\/2018\/10\/cartel-chile-300x225.jpg.webp 300w, https:\/\/pactodealcaldes-la.org\/wp-content\/webp-express\/webp-images\/uploads\/2018\/10\/cartel-chile-768x576.jpg.webp 768w\" type=\"image\/webp\" sizes=\"(max-width: 402px) 100vw, 402px\" \/><img loading=\"lazy\" decoding=\"async\" class=\"wp-image-2767 webpexpress-processed\" src=\"https:\/\/pactodealcaldes-la.org\/wp-content\/uploads\/2018\/10\/cartel-chile.jpg\" sizes=\"auto, (max-width: 402px) 100vw, 402px\" srcset=\"https:\/\/pactodealcaldes-la.org\/wp-content\/uploads\/2018\/10\/cartel-chile.jpg 800w, https:\/\/pactodealcaldes-la.org\/wp-content\/uploads\/2018\/10\/cartel-chile-300x225.jpg 300w, https:\/\/pactodealcaldes-la.org\/wp-content\/uploads\/2018\/10\/cartel-chile-768x576.jpg 768w\" alt=\"\" width=\"402\" height=\"302\" \/><\/picture><figcaption id=\"caption-attachment-2767\" class=\"wp-caption-text\">Cartel en Pe\u00f1alonen (Chile) que advierte a los ba\u00f1istas de la localidad<\/figcaption><\/figure>\n<p style=\"text-align: justify;\">La ciudad de Cartagena, en\u00a0<strong>Colombia<\/strong>\u00a0tiene una importante vida urbana pese a su cercan\u00eda a la costa. En los \u00faltimos tiempos, Cartagena se ha comprometido con el fortalecimiento de su infraestructura a trav\u00e9s de su plan 4C de desarrollo, con el que busca que su crecimiento sea compatible con los efectos adversos del clima en la ciudad. Cartagena se encuentra implementando proyectos para limitar los posibles impactos del alza del nivel de agua en su territorio. Su deseo es convertirse en una ciudad m\u00e1s sostenible y resiliente, en l\u00ednea con su compromiso con el Pacto Global de Alcaldes por el Clima y la Energ\u00eda.<\/p>\n<p>&nbsp;<\/p>\n<figure id=\"attachment_2769\" class=\"wp-caption aligncenter\" aria-describedby=\"caption-attachment-2769\"><picture><source srcset=\"https:\/\/pactodealcaldes-la.org\/wp-content\/webp-express\/webp-images\/uploads\/2018\/10\/Cartagena-2.jpg.webp 1280w, https:\/\/pactodealcaldes-la.org\/wp-content\/webp-express\/webp-images\/uploads\/2018\/10\/Cartagena-2-300x143.jpg.webp 300w, https:\/\/pactodealcaldes-la.org\/wp-content\/webp-express\/webp-images\/uploads\/2018\/10\/Cartagena-2-768x367.jpg.webp 768w, https:\/\/pactodealcaldes-la.org\/wp-content\/webp-express\/webp-images\/uploads\/2018\/10\/Cartagena-2-1024x489.jpg.webp 1024w\" type=\"image\/webp\" sizes=\"(max-width: 521px) 100vw, 521px\" \/><img loading=\"lazy\" decoding=\"async\" class=\"wp-image-2769 webpexpress-processed\" src=\"https:\/\/pactodealcaldes-la.org\/wp-content\/uploads\/2018\/10\/Cartagena-2.jpg\" sizes=\"auto, (max-width: 521px) 100vw, 521px\" srcset=\"https:\/\/pactodealcaldes-la.org\/wp-content\/uploads\/2018\/10\/Cartagena-2.jpg 1280w, https:\/\/pactodealcaldes-la.org\/wp-content\/uploads\/2018\/10\/Cartagena-2-300x143.jpg 300w, https:\/\/pactodealcaldes-la.org\/wp-content\/uploads\/2018\/10\/Cartagena-2-768x367.jpg 768w, https:\/\/pactodealcaldes-la.org\/wp-content\/uploads\/2018\/10\/Cartagena-2-1024x489.jpg 1024w\" alt=\"\" width=\"521\" height=\"249\" \/><\/picture><figcaption id=\"caption-attachment-2769\" class=\"wp-caption-text\">El Gobierno de Cartagena trabaja por la resiliencia de su ciudad<\/figcaption><\/figure>\n<p><strong>Acerca del Pacto Global de Alcaldes por el Clima y la Energ\u00eda<\/strong><\/p>\n<p style=\"text-align: justify;\">El Pacto Global de Alcaldes por el Clima y la Energ\u00eda re\u00fane formalmente al\u00a0<em>Compact of Mayors<\/em>\u00a0y al\u00a0<em>Covenant of Mayors<\/em>\u00a0de la UE, las dos principales iniciativas de ciudades para ayudar a las ciudades y gobiernos locales en su transici\u00f3n hacia una econom\u00eda baja en carbono y demostrar su impacto global. Dirigido por el Enviado Especial del Secretario General de las Naciones Unidas para Ciudades y Cambio Clim\u00e1tico, Michael R. Bloomberg, y el Vicepresidente de la Comisi\u00f3n Europea, Maro\u0161 \u0160ef\u010dovi\u010d, la coalici\u00f3n comprende m\u00e1s de 9.000 ciudades en 6 continentes y 119 pa\u00edses, que representan m\u00e1s de 684 millones de personas o 9,31% de la poblaci\u00f3n mundial. Obtenga m\u00e1s informaci\u00f3n en\u00a0<u><a href=\"https:\/\/pactodealcaldes-la.org\/\">https:\/\/pactodealcaldes-la.org<\/a>.\u00a0<\/u>El Pacto Global de Alcaldes por el Clima y la Energ\u00eda de Am\u00e9rica Latina y el Caribe es el cap\u00edtulo para Am\u00e9rica Latina y el Caribe que trabaja para establecer el Pacto Global en la regi\u00f3n.<\/p>\n","protected":false},"excerpt":{"rendered":"<p>Este mi\u00e9rcoles,\u00a031 de octubre, se celebra el D\u00eda Mundial de las Ciudades, una jornada que tiene como objetivo impulsar la cooperaci\u00f3n entre ciudades del mundo por lograr un desarrollo urbano sostenible y mostrar la necesidad de estar preparados para los desaf\u00edos que plantea la sobrepoblaci\u00f3n en las ciudades. En este a\u00f1o, el D\u00eda Mundial de&hellip;<\/p>\n","protected":false},"author":2,"featured_media":439,"comment_status":"closed","ping_status":"closed","sticky":false,"template":"","format":"standard","meta":{"footnotes":""},"categories":[12],"tags":[],"class_list":["post-438","post","type-post","status-publish","format-standard","has-post-thumbnail","hentry","category-sin-categoria-es","category-12","description-off"],"acf":[],"yoast_head":"<!-- This site is optimized with the Yoast SEO plugin v21.8 - https:\/\/yoast.com\/wordpress\/plugins\/seo\/ -->\n<title>Ciudades de Am\u00e9rica Latina celebran el D\u00eda Mundial de las Ciudades, con el foco en la resiliencia - Ciudades Emblematicas<\/title>\n<meta name=\"robots\" content=\"index, follow, max-snippet:-1, max-image-preview:large, max-video-preview:-1\" \/>\n<link rel=\"canonical\" href=\"https:\/\/pactodealcaldes-la.org\/ciudadesemblematicas\/ciudades-de-america-latina-celebran-el-dia-mundial-de-las-ciudades-con-el-foco-en-la-resiliencia\/\" \/>\n<meta property=\"og:locale\" content=\"es_ES\" \/>\n<meta property=\"og:type\" content=\"article\" \/>\n<meta property=\"og:title\" content=\"Ciudades de Am\u00e9rica Latina celebran el D\u00eda Mundial de las Ciudades, con el foco en la resiliencia - Ciudades Emblematicas\" \/>\n<meta property=\"og:description\" content=\"Este mi\u00e9rcoles,\u00a031 de octubre, se celebra el D\u00eda Mundial de las Ciudades, una jornada que tiene como objetivo impulsar la cooperaci\u00f3n entre ciudades del mundo por lograr un desarrollo urbano sostenible y mostrar la necesidad de estar preparados para los desaf\u00edos que plantea la sobrepoblaci\u00f3n en las ciudades. En este a\u00f1o, el D\u00eda Mundial de&hellip;\" \/>\n<meta property=\"og:url\" content=\"https:\/\/pactodealcaldes-la.org\/ciudadesemblematicas\/ciudades-de-america-latina-celebran-el-dia-mundial-de-las-ciudades-con-el-foco-en-la-resiliencia\/\" \/>\n<meta property=\"og:site_name\" content=\"Ciudades Emblematicas\" \/>\n<meta property=\"article:published_time\" content=\"2023-10-20T16:41:24+00:00\" \/>\n<meta property=\"article:modified_time\" content=\"2024-01-16T16:39:42+00:00\" \/>\n<meta property=\"og:image\" content=\"https:\/\/pactodealcaldes-la.org\/ciudadesemblematicas\/wp-content\/uploads\/2023\/06\/DSCN1267-765x400.jpg-1.webp\" \/>\n\t<meta property=\"og:image:width\" content=\"765\" \/>\n\t<meta property=\"og:image:height\" content=\"400\" \/>\n\t<meta property=\"og:image:type\" content=\"image\/webp\" \/>\n<meta name=\"author\" content=\"Miqueias Agra\" \/>\n<meta name=\"twitter:card\" content=\"summary_large_image\" \/>\n<meta name=\"twitter:label1\" content=\"Escrito por\" \/>\n\t<meta name=\"twitter:data1\" content=\"Miqueias Agra\" \/>\n\t<meta name=\"twitter:label2\" content=\"Tiempo de lectura\" \/>\n\t<meta name=\"twitter:data2\" content=\"4 minutos\" \/>\n<script type=\"application\/ld+json\" class=\"yoast-schema-graph\">{\"@context\":\"https:\/\/schema.org\",\"@graph\":[{\"@type\":\"WebPage\",\"@id\":\"https:\/\/pactodealcaldes-la.org\/ciudadesemblematicas\/ciudades-de-america-latina-celebran-el-dia-mundial-de-las-ciudades-con-el-foco-en-la-resiliencia\/\",\"url\":\"https:\/\/pactodealcaldes-la.org\/ciudadesemblematicas\/ciudades-de-america-latina-celebran-el-dia-mundial-de-las-ciudades-con-el-foco-en-la-resiliencia\/\",\"name\":\"Ciudades de Am\u00e9rica Latina celebran el D\u00eda Mundial de las Ciudades, con el foco en la resiliencia - Ciudades Emblematicas\",\"isPartOf\":{\"@id\":\"https:\/\/pactodealcaldes-la.org\/ciudadesemblematicas\/#website\"},\"datePublished\":\"2023-10-20T16:41:24+00:00\",\"dateModified\":\"2024-01-16T16:39:42+00:00\",\"author\":{\"@id\":\"https:\/\/pactodealcaldes-la.org\/ciudadesemblematicas\/#\/schema\/person\/55c5359ee4b9877cef534190a82baa9b\"},\"breadcrumb\":{\"@id\":\"https:\/\/pactodealcaldes-la.org\/ciudadesemblematicas\/ciudades-de-america-latina-celebran-el-dia-mundial-de-las-ciudades-con-el-foco-en-la-resiliencia\/#breadcrumb\"},\"inLanguage\":\"es\",\"potentialAction\":[{\"@type\":\"ReadAction\",\"target\":[\"https:\/\/pactodealcaldes-la.org\/ciudadesemblematicas\/ciudades-de-america-latina-celebran-el-dia-mundial-de-las-ciudades-con-el-foco-en-la-resiliencia\/\"]}]},{\"@type\":\"BreadcrumbList\",\"@id\":\"https:\/\/pactodealcaldes-la.org\/ciudadesemblematicas\/ciudades-de-america-latina-celebran-el-dia-mundial-de-las-ciudades-con-el-foco-en-la-resiliencia\/#breadcrumb\",\"itemListElement\":[{\"@type\":\"ListItem\",\"position\":1,\"name\":\"In\u00edcio\",\"item\":\"https:\/\/pactodealcaldes-la.org\/ciudadesemblematicas\/\"},{\"@type\":\"ListItem\",\"position\":2,\"name\":\"Ciudades de Am\u00e9rica Latina celebran el D\u00eda Mundial de las Ciudades, con el foco en la resiliencia\"}]},{\"@type\":\"WebSite\",\"@id\":\"https:\/\/pactodealcaldes-la.org\/ciudadesemblematicas\/#website\",\"url\":\"https:\/\/pactodealcaldes-la.org\/ciudadesemblematicas\/\",\"name\":\"Ciudades Emblematicas\",\"description\":\"\",\"potentialAction\":[{\"@type\":\"SearchAction\",\"target\":{\"@type\":\"EntryPoint\",\"urlTemplate\":\"https:\/\/pactodealcaldes-la.org\/ciudadesemblematicas\/?s={search_term_string}\"},\"query-input\":\"required name=search_term_string\"}],\"inLanguage\":\"es\"},{\"@type\":\"Person\",\"@id\":\"https:\/\/pactodealcaldes-la.org\/ciudadesemblematicas\/#\/schema\/person\/55c5359ee4b9877cef534190a82baa9b\",\"name\":\"Miqueias Agra\",\"image\":{\"@type\":\"ImageObject\",\"inLanguage\":\"es\",\"@id\":\"https:\/\/pactodealcaldes-la.org\/ciudadesemblematicas\/#\/schema\/person\/image\/\",\"url\":\"https:\/\/secure.gravatar.com\/avatar\/b86525505d1856005f8422fbcdc0acf18655f45aaa5197fa6aeee1710a544934?s=96&d=mm&r=g\",\"contentUrl\":\"https:\/\/secure.gravatar.com\/avatar\/b86525505d1856005f8422fbcdc0acf18655f45aaa5197fa6aeee1710a544934?s=96&d=mm&r=g\",\"caption\":\"Miqueias Agra\"},\"url\":\"https:\/\/pactodealcaldes-la.org\/ciudadesemblematicas\/author\/miqueias\/\"}]}<\/script>\n<!-- \/ Yoast SEO plugin. -->","yoast_head_json":{"title":"Ciudades de Am\u00e9rica Latina celebran el D\u00eda Mundial de las Ciudades, con el foco en la resiliencia - Ciudades Emblematicas","robots":{"index":"index","follow":"follow","max-snippet":"max-snippet:-1","max-image-preview":"max-image-preview:large","max-video-preview":"max-video-preview:-1"},"canonical":"https:\/\/pactodealcaldes-la.org\/ciudadesemblematicas\/ciudades-de-america-latina-celebran-el-dia-mundial-de-las-ciudades-con-el-foco-en-la-resiliencia\/","og_locale":"es_ES","og_type":"article","og_title":"Ciudades de Am\u00e9rica Latina celebran el D\u00eda Mundial de las Ciudades, con el foco en la resiliencia - Ciudades Emblematicas","og_description":"Este mi\u00e9rcoles,\u00a031 de octubre, se celebra el D\u00eda Mundial de las Ciudades, una jornada que tiene como objetivo impulsar la cooperaci\u00f3n entre ciudades del mundo por lograr un desarrollo urbano sostenible y mostrar la necesidad de estar preparados para los desaf\u00edos que plantea la sobrepoblaci\u00f3n en las ciudades. En este a\u00f1o, el D\u00eda Mundial de&hellip;","og_url":"https:\/\/pactodealcaldes-la.org\/ciudadesemblematicas\/ciudades-de-america-latina-celebran-el-dia-mundial-de-las-ciudades-con-el-foco-en-la-resiliencia\/","og_site_name":"Ciudades Emblematicas","article_published_time":"2023-10-20T16:41:24+00:00","article_modified_time":"2024-01-16T16:39:42+00:00","og_image":[{"width":765,"height":400,"url":"https:\/\/pactodealcaldes-la.org\/ciudadesemblematicas\/wp-content\/uploads\/2023\/06\/DSCN1267-765x400.jpg-1.webp","type":"image\/webp"}],"author":"Miqueias Agra","twitter_card":"summary_large_image","twitter_misc":{"Escrito por":"Miqueias Agra","Tiempo de lectura":"4 minutos"},"schema":{"@context":"https:\/\/schema.org","@graph":[{"@type":"WebPage","@id":"https:\/\/pactodealcaldes-la.org\/ciudadesemblematicas\/ciudades-de-america-latina-celebran-el-dia-mundial-de-las-ciudades-con-el-foco-en-la-resiliencia\/","url":"https:\/\/pactodealcaldes-la.org\/ciudadesemblematicas\/ciudades-de-america-latina-celebran-el-dia-mundial-de-las-ciudades-con-el-foco-en-la-resiliencia\/","name":"Ciudades de Am\u00e9rica Latina celebran el D\u00eda Mundial de las Ciudades, con el foco en la resiliencia - Ciudades Emblematicas","isPartOf":{"@id":"https:\/\/pactodealcaldes-la.org\/ciudadesemblematicas\/#website"},"datePublished":"2023-10-20T16:41:24+00:00","dateModified":"2024-01-16T16:39:42+00:00","author":{"@id":"https:\/\/pactodealcaldes-la.org\/ciudadesemblematicas\/#\/schema\/person\/55c5359ee4b9877cef534190a82baa9b"},"breadcrumb":{"@id":"https:\/\/pactodealcaldes-la.org\/ciudadesemblematicas\/ciudades-de-america-latina-celebran-el-dia-mundial-de-las-ciudades-con-el-foco-en-la-resiliencia\/#breadcrumb"},"inLanguage":"es","potentialAction":[{"@type":"ReadAction","target":["https:\/\/pactodealcaldes-la.org\/ciudadesemblematicas\/ciudades-de-america-latina-celebran-el-dia-mundial-de-las-ciudades-con-el-foco-en-la-resiliencia\/"]}]},{"@type":"BreadcrumbList","@id":"https:\/\/pactodealcaldes-la.org\/ciudadesemblematicas\/ciudades-de-america-latina-celebran-el-dia-mundial-de-las-ciudades-con-el-foco-en-la-resiliencia\/#breadcrumb","itemListElement":[{"@type":"ListItem","position":1,"name":"In\u00edcio","item":"https:\/\/pactodealcaldes-la.org\/ciudadesemblematicas\/"},{"@type":"ListItem","position":2,"name":"Ciudades de Am\u00e9rica Latina celebran el D\u00eda Mundial de las Ciudades, con el foco en la resiliencia"}]},{"@type":"WebSite","@id":"https:\/\/pactodealcaldes-la.org\/ciudadesemblematicas\/#website","url":"https:\/\/pactodealcaldes-la.org\/ciudadesemblematicas\/","name":"Ciudades Emblematicas","description":"","potentialAction":[{"@type":"SearchAction","target":{"@type":"EntryPoint","urlTemplate":"https:\/\/pactodealcaldes-la.org\/ciudadesemblematicas\/?s={search_term_string}"},"query-input":"required name=search_term_string"}],"inLanguage":"es"},{"@type":"Person","@id":"https:\/\/pactodealcaldes-la.org\/ciudadesemblematicas\/#\/schema\/person\/55c5359ee4b9877cef534190a82baa9b","name":"Miqueias Agra","image":{"@type":"ImageObject","inLanguage":"es","@id":"https:\/\/pactodealcaldes-la.org\/ciudadesemblematicas\/#\/schema\/person\/image\/","url":"https:\/\/secure.gravatar.com\/avatar\/b86525505d1856005f8422fbcdc0acf18655f45aaa5197fa6aeee1710a544934?s=96&d=mm&r=g","contentUrl":"https:\/\/secure.gravatar.com\/avatar\/b86525505d1856005f8422fbcdc0acf18655f45aaa5197fa6aeee1710a544934?s=96&d=mm&r=g","caption":"Miqueias Agra"},"url":"https:\/\/pactodealcaldes-la.org\/ciudadesemblematicas\/author\/miqueias\/"}]}},"_links":{"self":[{"href":"https:\/\/pactodealcaldes-la.org\/ciudadesemblematicas\/wp-json\/wp\/v2\/posts\/438","targetHints":{"allow":["GET"]}}],"collection":[{"href":"https:\/\/pactodealcaldes-la.org\/ciudadesemblematicas\/wp-json\/wp\/v2\/posts"}],"about":[{"href":"https:\/\/pactodealcaldes-la.org\/ciudadesemblematicas\/wp-json\/wp\/v2\/types\/post"}],"author":[{"embeddable":true,"href":"https:\/\/pactodealcaldes-la.org\/ciudadesemblematicas\/wp-json\/wp\/v2\/users\/2"}],"replies":[{"embeddable":true,"href":"https:\/\/pactodealcaldes-la.org\/ciudadesemblematicas\/wp-json\/wp\/v2\/comments?post=438"}],"version-history":[{"count":2,"href":"https:\/\/pactodealcaldes-la.org\/ciudadesemblematicas\/wp-json\/wp\/v2\/posts\/438\/revisions"}],"predecessor-version":[{"id":917,"href":"https:\/\/pactodealcaldes-la.org\/ciudadesemblematicas\/wp-json\/wp\/v2\/posts\/438\/revisions\/917"}],"wp:featuredmedia":[{"embeddable":true,"href":"https:\/\/pactodealcaldes-la.org\/ciudadesemblematicas\/wp-json\/wp\/v2\/media\/439"}],"wp:attachment":[{"href":"https:\/\/pactodealcaldes-la.org\/ciudadesemblematicas\/wp-json\/wp\/v2\/media?parent=438"}],"wp:term":[{"taxonomy":"category","embeddable":true,"href":"https:\/\/pactodealcaldes-la.org\/ciudadesemblematicas\/wp-json\/wp\/v2\/categories?post=438"},{"taxonomy":"post_tag","embeddable":true,"href":"https:\/\/pactodealcaldes-la.org\/ciudadesemblematicas\/wp-json\/wp\/v2\/tags?post=438"}],"curies":[{"name":"wp","href":"https:\/\/api.w.org\/{rel}","templated":true}]}}